{"id":3130,"date":"2018-12-12T12:07:25","date_gmt":"2018-12-12T11:07:25","guid":{"rendered":"http:\/\/www.crid1418.org\/temoins\/?p=3130"},"modified":"2018-12-12T12:07:25","modified_gmt":"2018-12-12T11:07:25","slug":"rama-auguste-1883-1973","status":"publish","type":"post","link":"https:\/\/www.crid1418.org\/temoins\/2018\/12\/12\/rama-auguste-1883-1973\/","title":{"rendered":"Rama, Auguste (1883-1973)"},"content":{"rendered":"<p>Le livre d\u2019Auguste Rama, <em>Souvenirs 1914-1919, Une travers\u00e9e de la Grande Guerre <\/em>(2018) fait partie des ouvrages produits par la pi\u00e9t\u00e9 familiale. Il est disponible chez ses petits-enfants : cecilerama@laposte.net.<br \/>\nAuguste Rama est n\u00e9 \u00e0 Quintenas (Ard\u00e8che), pr\u00e8s d\u2019Annonay, dans une famille paysanne. On comprend qu\u2019il est catholique et qu\u2019il a re\u00e7u une certaine instruction qui lui a permis de devenir imprimeur \u00e0 Romans en 1911, associ\u00e9 avec ses fr\u00e8res. \u00c0 80 ans, il a \u00e9crit 700 pages de souvenirs ; les p. 433 \u00e0 565 concernent la p\u00e9riode de la guerre ; ce sont celles qui sont reprises dans le livre. S\u2019il se souvient bien de \u00ab la vie quotidienne au front \u00bb (titre d\u2019un chapitre), il avoue un trou dans sa m\u00e9moire en septembre-octobre 1917 (p. 210) et il place l\u2019offensive de la Somme en f\u00e9vrier 1917. Sur les mutineries, il \u00e9crit : \u00ab Le g\u00e9n\u00e9ral P\u00e9tain eut le m\u00e9rite de calmer les esprits, de remettre de l\u2019ordre au moindre prix. Mais la p\u00e9riode avait \u00e9t\u00e9 plus que critique. Tous les r\u00e9giments d\u2019infanterie n\u2019avaient pas \u00e9t\u00e9 touch\u00e9s par cette vague de r\u00e9bellion. Le 99e entre autres avait \u00e9t\u00e9 \u00e9pargn\u00e9. Jamais je n\u2019avais per\u00e7u le moindre sympt\u00f4me. \u00bb Or Denis Rolland (<em>La gr\u00e8ve des tranch\u00e9es, Les mutineries de 1917<\/em>) signale un trouble au 99e RI le 1er juin \u00e0 \u0152uilly.<br \/>\nSon mariage, pr\u00e9vu le 8 ao\u00fbt 1914, ne put \u00eatre c\u00e9l\u00e9br\u00e9 qu\u2019en f\u00e9vrier 1916. Il d\u00e9crit l\u2019angoisse lors de la mobilisation, la pagaille \u00e0 la caserne du 261e RI \u00e0 Privas, les d\u00e9parts \u00ab \u00e0 Berlin \u00bb. Caporal, son \u00e9tat de sant\u00e9 lui vaut un emploi de bureau jusqu\u2019en juillet 1916 ; il expose ses craintes d\u2019\u00eatre consid\u00e9r\u00e9 comme un embusqu\u00e9.<br \/>\nIl part en juillet 1916 vers le front de Verdun, au 99e RI, et il d\u00e9couvre \u00ab un autre monde \u00bb, celui des tranch\u00e9es, des bombardements, du gaz. Deux phrases significatives :<br \/>\n&#8211; p. 97, sous le bombardement : \u00ab cette attente de celui [l\u2019obus] qui va peut-\u00eatre vous mettre en bouillie \u00bb ;<br \/>\n&#8211; p. 137, avant de sortir pour une attaque : \u00ab ce dernier quart d\u2019heure d\u2019attente est quelque chose d\u2019inhumain \u00bb.<br \/>\nAuguste Rama n\u2019aime pas Mangin (\u00ab le nom seul de Mangin faisait fr\u00e9mir \u00bb, p. 104). Il parle d\u2019un \u00ab complot de politiciens \u00bb qui \u00ab man\u0153uvrait pour faire monter Nivelle \u00bb au d\u00e9triment de P\u00e9tain (p. 89). Th\u00e8me repris p. 168 \u00e0 propos de l\u2019offensive du 16 avril 1917 : \u00ab Attaque voulue par le sinistre g\u00e9n\u00e9ral Nivelle qui avait, gr\u00e2ce \u00e0 des influences politiques, remplac\u00e9 le g\u00e9n\u00e9ral P\u00e9tain, et qui, par ambition, fit massacrer inutilement une partie de l\u2019arm\u00e9e fran\u00e7aise, et de ce fait accentua le malaise et le d\u00e9couragement des troupes pour en arriver \u00e0 la p\u00e9riode noire des d\u00e9sertions, des r\u00e9bellions collectives. \u00bb<br \/>\nR\u00e9my Cazals, d\u00e9cembre 2018<\/p>\n","protected":false},"excerpt":{"rendered":"<p>Le livre d\u2019Auguste Rama, Souvenirs 1914-1919, Une travers\u00e9e de la Grande Guerre (2018) fait partie des ouvrages produits par la pi\u00e9t\u00e9 familiale. Il est disponible chez ses petits-enfants : cecilerama@laposte.net. Auguste Rama est n\u00e9 \u00e0 Quintenas (Ard\u00e8che), pr\u00e8s d\u2019Annonay, dans une famille paysanne. On comprend qu\u2019il est catholique et qu\u2019il a re\u00e7u une certaine instruction &hellip; <a href=\"https:\/\/www.crid1418.org\/temoins\/2018\/12\/12\/rama-auguste-1883-1973\/\" class=\"more-link\">Continue reading <span class=\"screen-reader-text\">Rama, Auguste (1883-1973)<\/span><\/a><\/p>\n","protected":false},"author":3,"featured_media":0,"comment_status":"open","ping_status":"open","sticky":false,"template":"","format":"standard","meta":{"footnotes":""},"categories":[202,61,10,17,21],"tags":[1090,267],"class_list":["post-3130","post","type-post","status-publish","format-standard","hentry","category-202","category-261e-ri","category-combattant-infanterie","category-militaire-non-combattant","category-souvenirs","tag-memoire","tag-mutinerie"],"_links":{"self":[{"href":"https:\/\/www.crid1418.org\/temoins\/wp-json\/wp\/v2\/posts\/3130","targetHints":{"allow":["GET"]}}],"collection":[{"href":"https:\/\/www.crid1418.org\/temoins\/wp-json\/wp\/v2\/posts"}],"about":[{"href":"https:\/\/www.crid1418.org\/temoins\/wp-json\/wp\/v2\/types\/post"}],"author":[{"embeddable":true,"href":"https:\/\/www.crid1418.org\/temoins\/wp-json\/wp\/v2\/users\/3"}],"replies":[{"embeddable":true,"href":"https:\/\/www.crid1418.org\/temoins\/wp-json\/wp\/v2\/comments?post=3130"}],"version-history":[{"count":0,"href":"https:\/\/www.crid1418.org\/temoins\/wp-json\/wp\/v2\/posts\/3130\/revisions"}],"wp:attachment":[{"href":"https:\/\/www.crid1418.org\/temoins\/wp-json\/wp\/v2\/media?parent=3130"}],"wp:term":[{"taxonomy":"category","embeddable":true,"href":"https:\/\/www.crid1418.org\/temoins\/wp-json\/wp\/v2\/categories?post=3130"},{"taxonomy":"post_tag","embeddable":true,"href":"https:\/\/www.crid1418.org\/temoins\/wp-json\/wp\/v2\/tags?post=3130"}],"curies":[{"name":"wp","href":"https:\/\/api.w.org\/{rel}","templated":true}]}}